{"id":320,"date":"2020-04-06T12:50:39","date_gmt":"2020-04-06T10:50:39","guid":{"rendered":"https:\/\/www.optiquemathieu.fr\/?p=320"},"modified":"2020-04-22T10:51:51","modified_gmt":"2020-04-22T08:51:51","slug":"covid-19-urgence-et-depannage-et-commande-de-lentilles-livraison-a-domicile","status":"publish","type":"post","link":"https:\/\/www.optiquemathieu.fr\/index.php\/2020\/04\/06\/covid-19-urgence-et-depannage-et-commande-de-lentilles-livraison-a-domicile\/","title":{"rendered":"Covid-19: Urgence et d\u00e9pannage,commande de lentilles \u00e0 domicile"},"content":{"rendered":"<p>En respect des mesures sanitaires prises par le gouvernement pour la protection des populations, nous vous confirmons les fermetures de vos magasins pour une dur\u00e9e ind\u00e9termin\u00e9e&#8230;<br \/>\nEn cas d\u2019urgence vous pouvez nous contacter \u00e0 l\u2019adresse suivante:<br \/>\nmontfort.optique@bbox.fr<br \/>\nChaque demande sera examin\u00e9e et trait\u00e9e au plus proche du besoin exprim\u00e9 dans la limite bien s\u00fbr de la r\u00e9glementation, de nos capacit\u00e9s d\u2019approvisionnement et\/ou de livraison.<\/p>\n<p>La livraison de commande de lentilles \u00e0 domicile et maintenant possible.<\/p>\n<p>Merci pour votre compr\u00e9hension.<\/p>\n","protected":false},"excerpt":{"rendered":"<p>En respect des mesures sanitaires prises par le gouvernement pour la protection des populations, nous vous confirmons les fermetures de vos magasins [&hellip;]<\/p>\n","protected":false},"author":1,"featured_media":0,"comment_status":"open","ping_status":"open","sticky":false,"template":"","format":"standard","meta":{"footnotes":""},"categories":[1],"tags":[],"class_list":["post-320","post","type-post","status-publish","format-standard","hentry","category-non-classe"],"yoast_head":"<!-- This site is optimized with the Yoast SEO plugin v27.5 - https:\/\/yoast.com\/product\/yoast-seo-wordpress\/ -->\n<title>Covid-19: Urgence et d\u00e9pannage,commande de lentilles \u00e0 domicile - Optique Mathieu - commande de lentilles<\/title>\n<meta name=\"description\" content=\"Urgence, d\u00e9pannage et commande de lentilles avec livraison \u00e0 domicile.Une seule adresse montfort.optique@bbox.fr\" \/>\n<meta name=\"robots\" content=\"index, follow, max-snippet:-1, max-image-preview:large, max-video-preview:-1\" \/>\n<link rel=\"canonical\" href=\"https:\/\/www.optiquemathieu.fr\/index.php\/2020\/04\/06\/covid-19-urgence-et-depannage-et-commande-de-lentilles-livraison-a-domicile\/\" \/>\n<meta property=\"og:locale\" content=\"fr_FR\" \/>\n<meta property=\"og:type\" content=\"article\" \/>\n<meta property=\"og:title\" content=\"Covid-19: Urgence et d\u00e9pannage,commande de lentilles \u00e0 domicile - Optique Mathieu - commande de lentilles\" \/>\n<meta property=\"og:description\" content=\"Urgence, d\u00e9pannage et commande de lentilles avec livraison \u00e0 domicile.Une seule adresse montfort.optique@bbox.fr\" \/>\n<meta property=\"og:url\" content=\"https:\/\/www.optiquemathieu.fr\/index.php\/2020\/04\/06\/covid-19-urgence-et-depannage-et-commande-de-lentilles-livraison-a-domicile\/\" \/>\n<meta property=\"og:site_name\" content=\"Optique Mathieu\" \/>\n<meta property=\"article:publisher\" content=\"https:\/\/fr-fr.facebook.com\/MontfortOptiqueMathieu\" \/>\n<meta property=\"article:published_time\" content=\"2020-04-06T10:50:39+00:00\" \/>\n<meta property=\"article:modified_time\" content=\"2020-04-22T08:51:51+00:00\" \/>\n<meta name=\"author\" content=\"admin\" \/>\n<meta name=\"twitter:card\" content=\"summary_large_image\" \/>\n<meta name=\"twitter:label1\" content=\"\u00c9crit par\" \/>\n\t<meta name=\"twitter:data1\" content=\"admin\" \/>\n<script type=\"application\/ld+json\" class=\"yoast-schema-graph\">{\"@context\":\"https:\\\/\\\/schema.org\",\"@graph\":[{\"@type\":\"Article\",\"@id\":\"https:\\\/\\\/www.optiquemathieu.fr\\\/index.php\\\/2020\\\/04\\\/06\\\/covid-19-urgence-et-depannage-et-commande-de-lentilles-livraison-a-domicile\\\/#article\",\"isPartOf\":{\"@id\":\"https:\\\/\\\/www.optiquemathieu.fr\\\/index.php\\\/2020\\\/04\\\/06\\\/covid-19-urgence-et-depannage-et-commande-de-lentilles-livraison-a-domicile\\\/\"},\"author\":{\"name\":\"admin\",\"@id\":\"https:\\\/\\\/www.optiquemathieu.fr\\\/#\\\/schema\\\/person\\\/d0b17b363433042e6ee459dbbba172a7\"},\"headline\":\"Covid-19: Urgence et d\u00e9pannage,commande de lentilles \u00e0 domicile\",\"datePublished\":\"2020-04-06T10:50:39+00:00\",\"dateModified\":\"2020-04-22T08:51:51+00:00\",\"mainEntityOfPage\":{\"@id\":\"https:\\\/\\\/www.optiquemathieu.fr\\\/index.php\\\/2020\\\/04\\\/06\\\/covid-19-urgence-et-depannage-et-commande-de-lentilles-livraison-a-domicile\\\/\"},\"wordCount\":102,\"commentCount\":0,\"publisher\":{\"@id\":\"https:\\\/\\\/www.optiquemathieu.fr\\\/#organization\"},\"inLanguage\":\"fr-FR\",\"potentialAction\":[{\"@type\":\"CommentAction\",\"name\":\"Comment\",\"target\":[\"https:\\\/\\\/www.optiquemathieu.fr\\\/index.php\\\/2020\\\/04\\\/06\\\/covid-19-urgence-et-depannage-et-commande-de-lentilles-livraison-a-domicile\\\/#respond\"]}]},{\"@type\":\"WebPage\",\"@id\":\"https:\\\/\\\/www.optiquemathieu.fr\\\/index.php\\\/2020\\\/04\\\/06\\\/covid-19-urgence-et-depannage-et-commande-de-lentilles-livraison-a-domicile\\\/\",\"url\":\"https:\\\/\\\/www.optiquemathieu.fr\\\/index.php\\\/2020\\\/04\\\/06\\\/covid-19-urgence-et-depannage-et-commande-de-lentilles-livraison-a-domicile\\\/\",\"name\":\"Covid-19: Urgence et d\u00e9pannage,commande de lentilles \u00e0 domicile - Optique Mathieu - commande de lentilles\",\"isPartOf\":{\"@id\":\"https:\\\/\\\/www.optiquemathieu.fr\\\/#website\"},\"datePublished\":\"2020-04-06T10:50:39+00:00\",\"dateModified\":\"2020-04-22T08:51:51+00:00\",\"description\":\"Urgence, d\u00e9pannage et commande de lentilles avec livraison \u00e0 domicile.Une seule adresse montfort.optique@bbox.fr\",\"breadcrumb\":{\"@id\":\"https:\\\/\\\/www.optiquemathieu.fr\\\/index.php\\\/2020\\\/04\\\/06\\\/covid-19-urgence-et-depannage-et-commande-de-lentilles-livraison-a-domicile\\\/#breadcrumb\"},\"inLanguage\":\"fr-FR\",\"potentialAction\":[{\"@type\":\"ReadAction\",\"target\":[\"https:\\\/\\\/www.optiquemathieu.fr\\\/index.php\\\/2020\\\/04\\\/06\\\/covid-19-urgence-et-depannage-et-commande-de-lentilles-livraison-a-domicile\\\/\"]}]},{\"@type\":\"BreadcrumbList\",\"@id\":\"https:\\\/\\\/www.optiquemathieu.fr\\\/index.php\\\/2020\\\/04\\\/06\\\/covid-19-urgence-et-depannage-et-commande-de-lentilles-livraison-a-domicile\\\/#breadcrumb\",\"itemListElement\":[{\"@type\":\"ListItem\",\"position\":1,\"name\":\"Home\",\"item\":\"https:\\\/\\\/www.optiquemathieu.fr\\\/\"},{\"@type\":\"ListItem\",\"position\":2,\"name\":\"Covid-19: Urgence et d\u00e9pannage,commande de lentilles \u00e0 domicile\"}]},{\"@type\":\"WebSite\",\"@id\":\"https:\\\/\\\/www.optiquemathieu.fr\\\/#website\",\"url\":\"https:\\\/\\\/www.optiquemathieu.fr\\\/\",\"name\":\"Optique Mathieu\",\"description\":\"Opticien lunetier\",\"publisher\":{\"@id\":\"https:\\\/\\\/www.optiquemathieu.fr\\\/#organization\"},\"potentialAction\":[{\"@type\":\"SearchAction\",\"target\":{\"@type\":\"EntryPoint\",\"urlTemplate\":\"https:\\\/\\\/www.optiquemathieu.fr\\\/?s={search_term_string}\"},\"query-input\":{\"@type\":\"PropertyValueSpecification\",\"valueRequired\":true,\"valueName\":\"search_term_string\"}}],\"inLanguage\":\"fr-FR\"},{\"@type\":\"Organization\",\"@id\":\"https:\\\/\\\/www.optiquemathieu.fr\\\/#organization\",\"name\":\"Optique Mathieu\",\"url\":\"https:\\\/\\\/www.optiquemathieu.fr\\\/\",\"logo\":{\"@type\":\"ImageObject\",\"inLanguage\":\"fr-FR\",\"@id\":\"https:\\\/\\\/www.optiquemathieu.fr\\\/#\\\/schema\\\/logo\\\/image\\\/\",\"url\":\"https:\\\/\\\/www.optiquemathieu.fr\\\/wp-content\\\/uploads\\\/2024\\\/05\\\/cropped-logo-OM-scaled-1.jpeg\",\"contentUrl\":\"https:\\\/\\\/www.optiquemathieu.fr\\\/wp-content\\\/uploads\\\/2024\\\/05\\\/cropped-logo-OM-scaled-1.jpeg\",\"width\":512,\"height\":512,\"caption\":\"Optique Mathieu\"},\"image\":{\"@id\":\"https:\\\/\\\/www.optiquemathieu.fr\\\/#\\\/schema\\\/logo\\\/image\\\/\"},\"sameAs\":[\"https:\\\/\\\/fr-fr.facebook.com\\\/MontfortOptiqueMathieu\"]},{\"@type\":\"Person\",\"@id\":\"https:\\\/\\\/www.optiquemathieu.fr\\\/#\\\/schema\\\/person\\\/d0b17b363433042e6ee459dbbba172a7\",\"name\":\"admin\",\"image\":{\"@type\":\"ImageObject\",\"inLanguage\":\"fr-FR\",\"@id\":\"https:\\\/\\\/secure.gravatar.com\\\/avatar\\\/fb3b3571683468e16c6fda21dc4c1739a470fbe8d4a22fb5a7ea60f5669e5c41?s=96&d=mm&r=g\",\"url\":\"https:\\\/\\\/secure.gravatar.com\\\/avatar\\\/fb3b3571683468e16c6fda21dc4c1739a470fbe8d4a22fb5a7ea60f5669e5c41?s=96&d=mm&r=g\",\"contentUrl\":\"https:\\\/\\\/secure.gravatar.com\\\/avatar\\\/fb3b3571683468e16c6fda21dc4c1739a470fbe8d4a22fb5a7ea60f5669e5c41?s=96&d=mm&r=g\",\"caption\":\"admin\"}}]}<\/script>\n<!-- \/ Yoast SEO plugin. -->","yoast_head_json":{"title":"Covid-19: Urgence et d\u00e9pannage,commande de lentilles \u00e0 domicile - Optique Mathieu - commande de lentilles","description":"Urgence, d\u00e9pannage et commande de lentilles avec livraison \u00e0 domicile.Une seule adresse montfort.optique@bbox.fr","robots":{"index":"index","follow":"follow","max-snippet":"max-snippet:-1","max-image-preview":"max-image-preview:large","max-video-preview":"max-video-preview:-1"},"canonical":"https:\/\/www.optiquemathieu.fr\/index.php\/2020\/04\/06\/covid-19-urgence-et-depannage-et-commande-de-lentilles-livraison-a-domicile\/","og_locale":"fr_FR","og_type":"article","og_title":"Covid-19: Urgence et d\u00e9pannage,commande de lentilles \u00e0 domicile - Optique Mathieu - commande de lentilles","og_description":"Urgence, d\u00e9pannage et commande de lentilles avec livraison \u00e0 domicile.Une seule adresse montfort.optique@bbox.fr","og_url":"https:\/\/www.optiquemathieu.fr\/index.php\/2020\/04\/06\/covid-19-urgence-et-depannage-et-commande-de-lentilles-livraison-a-domicile\/","og_site_name":"Optique Mathieu","article_publisher":"https:\/\/fr-fr.facebook.com\/MontfortOptiqueMathieu","article_published_time":"2020-04-06T10:50:39+00:00","article_modified_time":"2020-04-22T08:51:51+00:00","author":"admin","twitter_card":"summary_large_image","twitter_misc":{"\u00c9crit par":"admin"},"schema":{"@context":"https:\/\/schema.org","@graph":[{"@type":"Article","@id":"https:\/\/www.optiquemathieu.fr\/index.php\/2020\/04\/06\/covid-19-urgence-et-depannage-et-commande-de-lentilles-livraison-a-domicile\/#article","isPartOf":{"@id":"https:\/\/www.optiquemathieu.fr\/index.php\/2020\/04\/06\/covid-19-urgence-et-depannage-et-commande-de-lentilles-livraison-a-domicile\/"},"author":{"name":"admin","@id":"https:\/\/www.optiquemathieu.fr\/#\/schema\/person\/d0b17b363433042e6ee459dbbba172a7"},"headline":"Covid-19: Urgence et d\u00e9pannage,commande de lentilles \u00e0 domicile","datePublished":"2020-04-06T10:50:39+00:00","dateModified":"2020-04-22T08:51:51+00:00","mainEntityOfPage":{"@id":"https:\/\/www.optiquemathieu.fr\/index.php\/2020\/04\/06\/covid-19-urgence-et-depannage-et-commande-de-lentilles-livraison-a-domicile\/"},"wordCount":102,"commentCount":0,"publisher":{"@id":"https:\/\/www.optiquemathieu.fr\/#organization"},"inLanguage":"fr-FR","potentialAction":[{"@type":"CommentAction","name":"Comment","target":["https:\/\/www.optiquemathieu.fr\/index.php\/2020\/04\/06\/covid-19-urgence-et-depannage-et-commande-de-lentilles-livraison-a-domicile\/#respond"]}]},{"@type":"WebPage","@id":"https:\/\/www.optiquemathieu.fr\/index.php\/2020\/04\/06\/covid-19-urgence-et-depannage-et-commande-de-lentilles-livraison-a-domicile\/","url":"https:\/\/www.optiquemathieu.fr\/index.php\/2020\/04\/06\/covid-19-urgence-et-depannage-et-commande-de-lentilles-livraison-a-domicile\/","name":"Covid-19: Urgence et d\u00e9pannage,commande de lentilles \u00e0 domicile - Optique Mathieu - commande de lentilles","isPartOf":{"@id":"https:\/\/www.optiquemathieu.fr\/#website"},"datePublished":"2020-04-06T10:50:39+00:00","dateModified":"2020-04-22T08:51:51+00:00","description":"Urgence, d\u00e9pannage et commande de lentilles avec livraison \u00e0 domicile.Une seule adresse montfort.optique@bbox.fr","breadcrumb":{"@id":"https:\/\/www.optiquemathieu.fr\/index.php\/2020\/04\/06\/covid-19-urgence-et-depannage-et-commande-de-lentilles-livraison-a-domicile\/#breadcrumb"},"inLanguage":"fr-FR","potentialAction":[{"@type":"ReadAction","target":["https:\/\/www.optiquemathieu.fr\/index.php\/2020\/04\/06\/covid-19-urgence-et-depannage-et-commande-de-lentilles-livraison-a-domicile\/"]}]},{"@type":"BreadcrumbList","@id":"https:\/\/www.optiquemathieu.fr\/index.php\/2020\/04\/06\/covid-19-urgence-et-depannage-et-commande-de-lentilles-livraison-a-domicile\/#breadcrumb","itemListElement":[{"@type":"ListItem","position":1,"name":"Home","item":"https:\/\/www.optiquemathieu.fr\/"},{"@type":"ListItem","position":2,"name":"Covid-19: Urgence et d\u00e9pannage,commande de lentilles \u00e0 domicile"}]},{"@type":"WebSite","@id":"https:\/\/www.optiquemathieu.fr\/#website","url":"https:\/\/www.optiquemathieu.fr\/","name":"Optique Mathieu","description":"Opticien lunetier","publisher":{"@id":"https:\/\/www.optiquemathieu.fr\/#organization"},"potentialAction":[{"@type":"SearchAction","target":{"@type":"EntryPoint","urlTemplate":"https:\/\/www.optiquemathieu.fr\/?s={search_term_string}"},"query-input":{"@type":"PropertyValueSpecification","valueRequired":true,"valueName":"search_term_string"}}],"inLanguage":"fr-FR"},{"@type":"Organization","@id":"https:\/\/www.optiquemathieu.fr\/#organization","name":"Optique Mathieu","url":"https:\/\/www.optiquemathieu.fr\/","logo":{"@type":"ImageObject","inLanguage":"fr-FR","@id":"https:\/\/www.optiquemathieu.fr\/#\/schema\/logo\/image\/","url":"https:\/\/www.optiquemathieu.fr\/wp-content\/uploads\/2024\/05\/cropped-logo-OM-scaled-1.jpeg","contentUrl":"https:\/\/www.optiquemathieu.fr\/wp-content\/uploads\/2024\/05\/cropped-logo-OM-scaled-1.jpeg","width":512,"height":512,"caption":"Optique Mathieu"},"image":{"@id":"https:\/\/www.optiquemathieu.fr\/#\/schema\/logo\/image\/"},"sameAs":["https:\/\/fr-fr.facebook.com\/MontfortOptiqueMathieu"]},{"@type":"Person","@id":"https:\/\/www.optiquemathieu.fr\/#\/schema\/person\/d0b17b363433042e6ee459dbbba172a7","name":"admin","image":{"@type":"ImageObject","inLanguage":"fr-FR","@id":"https:\/\/secure.gravatar.com\/avatar\/fb3b3571683468e16c6fda21dc4c1739a470fbe8d4a22fb5a7ea60f5669e5c41?s=96&d=mm&r=g","url":"https:\/\/secure.gravatar.com\/avatar\/fb3b3571683468e16c6fda21dc4c1739a470fbe8d4a22fb5a7ea60f5669e5c41?s=96&d=mm&r=g","contentUrl":"https:\/\/secure.gravatar.com\/avatar\/fb3b3571683468e16c6fda21dc4c1739a470fbe8d4a22fb5a7ea60f5669e5c41?s=96&d=mm&r=g","caption":"admin"}}]}},"_links":{"self":[{"href":"https:\/\/www.optiquemathieu.fr\/index.php\/wp-json\/wp\/v2\/posts\/320","targetHints":{"allow":["GET"]}}],"collection":[{"href":"https:\/\/www.optiquemathieu.fr\/index.php\/wp-json\/wp\/v2\/posts"}],"about":[{"href":"https:\/\/www.optiquemathieu.fr\/index.php\/wp-json\/wp\/v2\/types\/post"}],"author":[{"embeddable":true,"href":"https:\/\/www.optiquemathieu.fr\/index.php\/wp-json\/wp\/v2\/users\/1"}],"replies":[{"embeddable":true,"href":"https:\/\/www.optiquemathieu.fr\/index.php\/wp-json\/wp\/v2\/comments?post=320"}],"version-history":[{"count":2,"href":"https:\/\/www.optiquemathieu.fr\/index.php\/wp-json\/wp\/v2\/posts\/320\/revisions"}],"predecessor-version":[{"id":324,"href":"https:\/\/www.optiquemathieu.fr\/index.php\/wp-json\/wp\/v2\/posts\/320\/revisions\/324"}],"wp:attachment":[{"href":"https:\/\/www.optiquemathieu.fr\/index.php\/wp-json\/wp\/v2\/media?parent=320"}],"wp:term":[{"taxonomy":"category","embeddable":true,"href":"https:\/\/www.optiquemathieu.fr\/index.php\/wp-json\/wp\/v2\/categories?post=320"},{"taxonomy":"post_tag","embeddable":true,"href":"https:\/\/www.optiquemathieu.fr\/index.php\/wp-json\/wp\/v2\/tags?post=320"}],"curies":[{"name":"wp","href":"https:\/\/api.w.org\/{rel}","templated":true}]}}