{"id":256,"date":"2019-01-17T12:13:49","date_gmt":"2019-01-17T11:13:49","guid":{"rendered":"http:\/\/www.optiquemathieu.fr\/?p=256"},"modified":"2019-01-18T11:47:27","modified_gmt":"2019-01-18T10:47:27","slug":"woodys","status":"publish","type":"post","link":"https:\/\/www.optiquemathieu.fr\/index.php\/2019\/01\/17\/woodys\/","title":{"rendered":"WOODYS"},"content":{"rendered":"<div id=\"pl-256\"  class=\"panel-layout\" ><div id=\"pg-256-0\"  class=\"panel-grid panel-has-style\" ><div style=\"padding: 100px 0; \" data-overlay=\"true\" data-overlay-color=\"#000000\" class=\"panel-row-style panel-row-style-for-256-0\" ><div id=\"pgc-256-0-0\"  class=\"panel-grid-cell\" ><div id=\"panel-256-0-0-0\" class=\"widget_text so-panel widget widget_custom_html panel-first-child panel-last-child\" data-index=\"0\" ><div style=\"text-align: left;\" data-title-color=\"#443f3f\" data-headings-color=\"#443f3f\" class=\"widget_text panel-widget-style panel-widget-style-for-256-0-0-0\" ><div class=\"textwidget custom-html-widget\"><iframe width=\"560\" height=\"315\" src=\"http:\/\/www.frequenceoptic.fr\/videos.html?task=get.embed&amp;id=1573&amp;width=560&amp;height=315\" frameborder=\"0\" scrolling=\"no\"><\/iframe><\/div><\/div><\/div><\/div><div id=\"pgc-256-0-1\"  class=\"panel-grid-cell\" ><div id=\"panel-256-0-1-0\" class=\"so-panel widget widget_text panel-first-child panel-last-child\" data-index=\"1\" ><div style=\"text-align: left;\" data-title-color=\"#443f3f\" data-headings-color=\"#443f3f\" class=\"panel-widget-style panel-widget-style-for-256-0-1-0\" >\t\t\t<div class=\"textwidget\"><p><img decoding=\"async\" class=\"alignright\" src=\"https:\/\/woodysbarcelona.com\/woodys-europe\/img\/logo.png\" \/><\/p>\n<p>Woodys,\u00a0 nous vient du soleil de la catalogne.<\/p>\n<p>Lunettes fun et color\u00e9. Elle se d\u00e9cline en monture optique et solaire.<\/p>\n<p>Je vous laisse d\u00e9couvrir son histoire et les personnalit\u00e9s qui l&rsquo;ont d\u00e9j\u00e0 adopt\u00e9es.<\/p>\n<p>N\u2019h\u00e9sitez pas d&rsquo;aller visiter leur site internet :<a href=\"https:\/\/woodysbarcelona.com\/woodys-europe\/fr\/\"> https:\/\/woodysbarcelona.com\/woodys-europe\/fr\/<\/a><\/p>\n<p>En vente de vos magasin <a href=\"http:\/\/www.optiquemathieu.fr\/index.php\/montfort-optique-mathieu\/\">Montfort Optique<\/a> et <a href=\"http:\/\/www.optiquemathieu.fr\/index.php\/optique-nationale-mathieu\/\">Optique Nationale<\/a><\/p>\n<\/div>\n\t\t<\/div><\/div><\/div><\/div><\/div><div id=\"pg-256-1\"  class=\"panel-grid panel-has-style\" ><div style=\"padding: 100px 0; \" data-overlay=\"true\" data-overlay-color=\"#000000\" class=\"panel-row-style panel-row-style-for-256-1\" ><div id=\"pgc-256-1-0\"  class=\"panel-grid-cell\" ><div id=\"panel-256-1-0-0\" class=\"so-panel widget widget_text panel-first-child\" data-index=\"2\" ><div style=\"text-align: left;\" data-title-color=\"#443f3f\" data-headings-color=\"#443f3f\" class=\"panel-widget-style panel-widget-style-for-256-1-0-0\" ><h3 class=\"widget-title\">#CELEBRITE<\/h3>\t\t\t<div class=\"textwidget\"><div class=\"row\">\n<div class=\"col-xs-12 col-sm-4 col-md-4\">\n<div class=\"cms-box\"><img fetchpriority=\"high\" decoding=\"async\" fetchpriority=\"high\" src=\"https:\/\/woodysbarcelona.com\/img\/cms\/celebrites\/shay_michelle.jpg\" alt=\"\" width=\"320\" height=\"340\" \/><\/div>\n<div class=\"cms-box\"><strong>SHAY MITCHELL<br \/>\n<\/strong><\/div>\n<\/div>\n<div class=\"col-xs-12 col-sm-4 col-md-4\">\n<div class=\"cms-box\"><img loading=\"lazy\" decoding=\"async\" src=\"https:\/\/woodysbarcelona.com\/img\/cms\/celebrites\/jeanie_mai_we.jpg\" alt=\"\" width=\"320\" height=\"340\" \/><\/div>\n<div class=\"cms-box\">\n<p><strong>JEANNIE MAI &#8211;<br \/>\n<\/strong><\/p>\n<p>&nbsp;<\/p>\n<\/div>\n<\/div>\n<div class=\"col-xs-12 col-sm-4\">\n<div class=\"cms-box\"><img loading=\"lazy\" decoding=\"async\" src=\"https:\/\/woodysbarcelona.com\/img\/cms\/celebrites\/taylor-320x340.jpg\" alt=\"\" width=\"320\" height=\"340\" \/><\/div>\n<div class=\"cms-box\"><strong>TAYLOR SWIFT &#8211;<br \/>\n<\/strong><\/div>\n<\/div>\n<\/div>\n<div class=\"row\">\n<div class=\"col-xs-12 col-sm-4 col-md-4\">\n<div class=\"cms-box\"><img loading=\"lazy\" decoding=\"async\" loading=\"lazy\" src=\"https:\/\/woodysbarcelona.com\/img\/cms\/celebrites\/Bella-Thorne-320x340.jpg\" alt=\"\" width=\"320\" height=\"340\" \/><\/div>\n<div class=\"cms-box\">\n<p><strong>BELLA THORNE &#8211;<br \/>\n<\/strong><\/p>\n<p>&nbsp;<\/p>\n<\/div>\n<\/div>\n<div class=\"col-xs-12 col-sm-4 col-md-4\">\n<div class=\"cms-box\"><img loading=\"lazy\" decoding=\"async\" loading=\"lazy\" src=\"https:\/\/woodysbarcelona.com\/img\/cms\/celebrites\/Kate-Hudson-320x340.jpg\" alt=\"\" width=\"320\" height=\"340\" \/><\/div>\n<div class=\"cms-box\"><strong>KATE HUDSON &#8211;<br \/>\n<\/strong><\/div>\n<\/div>\n<div class=\"col-xs-12 col-sm-4\">\n<div class=\"cms-box\"><img loading=\"lazy\" decoding=\"async\" loading=\"lazy\" src=\"https:\/\/woodysbarcelona.com\/img\/cms\/celebrites\/Vanessa-Hudgen-320x340.png\" alt=\"\" width=\"320\" height=\"340\" \/><\/div>\n<div class=\"cms-box\">\n<p><strong>VANESSA HUDGENS &#8211;<br \/>\n<\/strong><\/p>\n<p>&nbsp;<\/p>\n<\/div>\n<\/div>\n<\/div>\n<div class=\"row\">\n<div class=\"col-xs-12 col-sm-4 col-md-4\">\n<div class=\"cms-box\"><img loading=\"lazy\" decoding=\"async\" loading=\"lazy\" src=\"https:\/\/woodysbarcelona.com\/img\/cms\/celebrites\/Demi-Lovato1-320x340.jpg\" alt=\"\" width=\"320\" height=\"340\" \/><\/div>\n<div class=\"cms-box\"><strong>DEMI LOVATO &#8211;<br \/>\n<\/strong><\/div>\n<\/div>\n<div class=\"col-xs-12 col-sm-4 col-md-4\">\n<div class=\"cms-box\"><img loading=\"lazy\" decoding=\"async\" loading=\"lazy\" src=\"https:\/\/woodysbarcelona.com\/img\/cms\/celebrites\/SteveAoki_Woodysbarcelona-320x340.jpg\" alt=\"\" width=\"320\" height=\"340\" \/><\/div>\n<div class=\"cms-box\"><strong>STEVE AOKI &#8211;<br \/>\n<\/strong><\/div>\n<\/div>\n<div class=\"col-xs-12 col-sm-4\">\n<div class=\"cms-box\"><img loading=\"lazy\" decoding=\"async\" loading=\"lazy\" src=\"https:\/\/woodysbarcelona.com\/img\/cms\/celebrites\/Emily-Ratajkowski-320x340.jpg\" alt=\"\" width=\"320\" height=\"340\" \/><\/div>\n<div class=\"cms-box\"><strong>EMILY RATAJKOWSKI &#8211;<br \/>\n<\/strong><\/div>\n<\/div>\n<\/div>\n<\/div>\n\t\t<\/div><\/div><div id=\"panel-256-1-0-1\" class=\"so-panel widget widget_text\" data-index=\"3\" ><div style=\"text-align: left;\" data-title-color=\"#443f3f\" data-headings-color=\"#443f3f\" class=\"panel-widget-style panel-widget-style-for-256-1-0-1\" ><h3 class=\"widget-title\">L\u2019HISTOIRE DE WOODYS<\/h3>\t\t\t<div class=\"textwidget\"><div class=\"col-xs-12 col-sm-6\">Bonjour, je m\u2019appelle Woodys et mon histoire commence en 1814 dans le jardin d\u2019une vieille ferme situ\u00e9e dans un petit village pr\u00e8s de Barcelone. L\u00e0-bas, j\u2019ai grandi sous la bienveillance d\u2019une famille l\u00e9gendaire nomm\u00e9e Masferrer, entour\u00e9 de fr\u00e8res et s\u0153urs, de proches et d\u2019arbres vigoureux qui prot\u00e9geaient du soleil avec leurs cimes \u00e9lanc\u00e9es vers les cieux majestueux. Ma vie n\u2019a pas \u00e9t\u00e9 facile, l\u2019ennui et la routine faisaient partie de mon existence. Certains \u00e9t\u00e9s \u00e9taient chauds et secs et les hivers \u00e9taient extr\u00eamement frois, mais je suis rest\u00e9 l\u00e0, toujours debout. J\u2019ai vu se d\u00e9velopper de nombreuses avanc\u00e9es : le train, l\u2019\u00e9l\u00e9ctricit\u00e9, le t\u00e9l\u00e9phone, les voitures et bien d\u2019autres d\u00e9couvertes qui ont chang\u00e9 le cours de l\u2019histoire. Les ann\u00e9es passaient lentement jusqu\u2019\u00e0 ce qu\u2019un jour, sans m\u2019en rendre compte, ma vie changea soudainement.<\/div>\n<div class=\"col-xs-12 col-sm-6\">Un jour de temps nuageux, j\u2019ai aper\u00e7u une temp\u00eate noire s\u2019approcher \u00e0 l\u2019horizon. D\u2019un coup, un \u00e9clair foudroyant est tomb\u00e9 sur moi et m\u2019a travers\u00e9 enti\u00e8rement jusqu\u2019\u00e0 la racine. Je me suis \u00e9croul\u00e9. Le tumulte \u00e9tait terrifiant&#8230; La pluie commen\u00e7ait \u00e0 tomber doucement&#8230; Je pensais que ma vie s\u2019\u00e9tait arr\u00eat\u00e9e pour toujours&#8230; mais ce ne fut pas le cas. Depuis ce jour, j\u2019ai chang\u00e9 mon regard sur le monde. D\u00e9sormais, je voyage \u00e0 travers le monde sans arr\u00eat, allant des rues fourmillantes de New York aux montagnes impressionnantes de Nouvelle-Z\u00e9lande en passant par les plages chaudes du Br\u00e9sil. Je me sens diff\u00e9rent, original et \u00e9l\u00e9gant, et mon design fait l\u2019admiration de tous.<\/div>\n<div><\/div>\n<\/div>\n\t\t<\/div><\/div><div id=\"panel-256-1-0-2\" class=\"so-panel widget widget_text panel-last-child\" data-index=\"4\" ><div style=\"text-align: left;\" data-title-color=\"#443f3f\" data-headings-color=\"#443f3f\" class=\"panel-widget-style panel-widget-style-for-256-1-0-2\" ><h3 class=\"widget-title\">LA NAISSANCE DE WOODYS<\/h3>\t\t\t<div class=\"textwidget\"><div class=\"col-xs-12 col-sm-12\"><\/div>\n<div class=\"col-xs-12 col-sm-6\">Tout commence avec le <em>hobby<\/em> pr\u00e9f\u00e9r\u00e9 de Josep Dosta, responsable actuel de Woodys Barcelona: le <em>wakeskate<\/em>. Ce sport nautique consiste \u00e0 surfer sur une planche en bois sur les vagues produites par un bateau. Josep et son cousin ont consacr\u00e9 beaucoup de temps \u00e0 ce sport qui les passionnait, au point de repenser la conception de leurs planches de <em>wakeskate<\/em> et de les perfectionner.<\/p>\n<p>Cette initiative a \u00e9t\u00e9 le premier contact de Josep avec le bois et, avec des entra\u00eenements soutenus et la passion que ce sport \u00e9veillait en lui, il d\u00e9veloppa des am\u00e9liorations techniques importantes sur les planches. C\u2019est ainsi que Josep r\u00e9ussit \u00e0 devenir champion d\u2019Europe de <em>wakeskate<\/em> en 2013. Un an plus tard, il d\u00e9crocha \u00e0 nouveau ce titre. Au cours de l\u2019un de ses entra\u00eenements, les lunettes de Josep tomb\u00e8rent dans les profondeurs du lac, comme il est fr\u00e9quent de le voir dans la pratique du <em>wakesakate<\/em> Pr\u00e9occup\u00e9 par l\u2019envie de trouver une solution, il d\u00e9cida d\u2019essayer le mat\u00e9riau de la planche sur une paire de lunettes.<\/p>\n<p>Il se mit \u00e0 r\u00e9colter des informations sur tout ce qui avait trait \u00e0 la production de lunettes et aux mat\u00e9riaux utilis\u00e9s pour leur fabrication. Il se rendit imm\u00e9diatement compte qu\u2019il n\u2019y avait que peu de diff\u00e9rence entre les lunettes en bois et en ac\u00e9tate. Cette id\u00e9e lui donna des ailes pour continuer ses recherches et concevoir des lunettes id\u00e9ales. Josep s\u2019est inspir\u00e9 de la planche tout au long du processus et de la conception du nouveau produit.<\/p>\n<\/div>\n<div class=\"col-xs-12 col-sm-6\"><img loading=\"lazy\" decoding=\"async\" loading=\"lazy\" class=\"alignright\" src=\"https:\/\/woodysbarcelona.com\/woodys-europe\/img\/cms\/marca\/campio-del-mon-mundial.jpg\" alt=\"\" width=\"355\" height=\"384\" \/><br \/>\nL\u2019objectif n\u2019\u00e9tait pas facile \u00e0 atteindre et il rencontra quelques difficult\u00e9s. Les premiers mod\u00e8les n\u2019avaient pas de finitions parfaites et un aspect incroyable. De plus, elles n\u2019offraient pas une r\u00e9sistance id\u00e9ale pour des lunettes ayant les m\u00eames caract\u00e9ristiques que la planche de <em>wakeskate<\/em>.<\/p>\n<p>Apr\u00e8s de nombreux essais avec diff\u00e9rents professionnels et d\u2019innombrables prototypes, ils trouv\u00e8rent la solution pendant un entra\u00eenement. Josep s\u2019est rendu compte que les planches \u00e9taient compos\u00e9es de bois lamell\u00e9, ce qui donnait \u00e0 la planche une r\u00e9sistance quasi indestructible. \u00c0 partir de cette observation, les lunettes ont commenc\u00e9 \u00e0 prendre forme. Cet \u00e9t\u00e9 \u00e9tait tr\u00e8s particulier: les lunettes suscitaient l\u2019int\u00e9r\u00eat et les \u00e9loges de toutes ses connaissances et ses amis, qui commen\u00e7aient \u00e0 lui passer des commandes en constatant qu\u2019il s\u2019agissait d\u2019un produit original et innovant. Les lunettes \u00e9taient \u00e9galement utilis\u00e9es dans les shootings de mode. Sans m\u00eame nous en rendre compte, Woodys Barcelona \u00e9tait n\u00e9. Ce qui \u00e9tait \u00e0 la base un r\u00eave est alors devenu r\u00e9alit\u00e9.<\/p><\/div>\n<\/div>\n\t\t<\/div><\/div><\/div><\/div><\/div><\/div>","protected":false},"excerpt":{"rendered":"<p>Woodys,\u00a0 nous vient du soleil de la catalogne. Lunettes fun et color\u00e9. Elle se d\u00e9cline en monture optique et solaire. Je vous [&hellip;]<\/p>\n","protected":false},"author":1,"featured_media":0,"comment_status":"open","ping_status":"open","sticky":false,"template":"","format":"standard","meta":{"footnotes":""},"categories":[1],"tags":[],"class_list":["post-256","post","type-post","status-publish","format-standard","hentry","category-non-classe"],"yoast_head":"<!-- This site is optimized with the Yoast SEO plugin v27.5 - https:\/\/yoast.com\/product\/yoast-seo-wordpress\/ -->\n<title>WOODYS - Lunette de soleil et optique color\u00e9 - Optique Mathieu<\/title>\n<meta name=\"description\" content=\"Woodys Barcelona : Lunettes de soleil et optique color\u00e9. Monture en bois, m\u00e9tal et ac\u00e9tate en vente de vos magasin Montfort Optique et Optique nationale\" \/>\n<meta name=\"robots\" content=\"index, follow, max-snippet:-1, max-image-preview:large, max-video-preview:-1\" \/>\n<link rel=\"canonical\" href=\"https:\/\/www.optiquemathieu.fr\/index.php\/2019\/01\/17\/woodys\/\" \/>\n<meta property=\"og:locale\" content=\"fr_FR\" \/>\n<meta property=\"og:type\" content=\"article\" \/>\n<meta property=\"og:title\" content=\"WOODYS - Lunette de soleil et optique color\u00e9 - Optique Mathieu\" \/>\n<meta property=\"og:description\" content=\"Woodys Barcelona : Lunettes de soleil et optique color\u00e9. Monture en bois, m\u00e9tal et ac\u00e9tate en vente de vos magasin Montfort Optique et Optique nationale\" \/>\n<meta property=\"og:url\" content=\"https:\/\/www.optiquemathieu.fr\/index.php\/2019\/01\/17\/woodys\/\" \/>\n<meta property=\"og:site_name\" content=\"Optique Mathieu\" \/>\n<meta property=\"article:publisher\" content=\"https:\/\/fr-fr.facebook.com\/MontfortOptiqueMathieu\" \/>\n<meta property=\"article:published_time\" content=\"2019-01-17T11:13:49+00:00\" \/>\n<meta property=\"article:modified_time\" content=\"2019-01-18T10:47:27+00:00\" \/>\n<meta property=\"og:image\" content=\"https:\/\/woodysbarcelona.com\/woodys-europe\/img\/logo.png\" \/>\n<meta name=\"author\" content=\"admin\" \/>\n<meta name=\"twitter:card\" content=\"summary_large_image\" \/>\n<meta name=\"twitter:label1\" content=\"\u00c9crit par\" \/>\n\t<meta name=\"twitter:data1\" content=\"admin\" \/>\n\t<meta name=\"twitter:label2\" content=\"Dur\u00e9e de lecture estim\u00e9e\" \/>\n\t<meta name=\"twitter:data2\" content=\"4 minutes\" \/>\n<script type=\"application\/ld+json\" class=\"yoast-schema-graph\">{\"@context\":\"https:\\\/\\\/schema.org\",\"@graph\":[{\"@type\":\"Article\",\"@id\":\"https:\\\/\\\/www.optiquemathieu.fr\\\/index.php\\\/2019\\\/01\\\/17\\\/woodys\\\/#article\",\"isPartOf\":{\"@id\":\"https:\\\/\\\/www.optiquemathieu.fr\\\/index.php\\\/2019\\\/01\\\/17\\\/woodys\\\/\"},\"author\":{\"name\":\"admin\",\"@id\":\"https:\\\/\\\/www.optiquemathieu.fr\\\/#\\\/schema\\\/person\\\/d0b17b363433042e6ee459dbbba172a7\"},\"headline\":\"WOODYS\",\"datePublished\":\"2019-01-17T11:13:49+00:00\",\"dateModified\":\"2019-01-18T10:47:27+00:00\",\"mainEntityOfPage\":{\"@id\":\"https:\\\/\\\/www.optiquemathieu.fr\\\/index.php\\\/2019\\\/01\\\/17\\\/woodys\\\/\"},\"wordCount\":853,\"commentCount\":0,\"publisher\":{\"@id\":\"https:\\\/\\\/www.optiquemathieu.fr\\\/#organization\"},\"image\":{\"@id\":\"https:\\\/\\\/www.optiquemathieu.fr\\\/index.php\\\/2019\\\/01\\\/17\\\/woodys\\\/#primaryimage\"},\"thumbnailUrl\":\"https:\\\/\\\/woodysbarcelona.com\\\/woodys-europe\\\/img\\\/logo.png\",\"inLanguage\":\"fr-FR\",\"potentialAction\":[{\"@type\":\"CommentAction\",\"name\":\"Comment\",\"target\":[\"https:\\\/\\\/www.optiquemathieu.fr\\\/index.php\\\/2019\\\/01\\\/17\\\/woodys\\\/#respond\"]}]},{\"@type\":\"WebPage\",\"@id\":\"https:\\\/\\\/www.optiquemathieu.fr\\\/index.php\\\/2019\\\/01\\\/17\\\/woodys\\\/\",\"url\":\"https:\\\/\\\/www.optiquemathieu.fr\\\/index.php\\\/2019\\\/01\\\/17\\\/woodys\\\/\",\"name\":\"WOODYS - Lunette de soleil et optique color\u00e9 - Optique Mathieu\",\"isPartOf\":{\"@id\":\"https:\\\/\\\/www.optiquemathieu.fr\\\/#website\"},\"primaryImageOfPage\":{\"@id\":\"https:\\\/\\\/www.optiquemathieu.fr\\\/index.php\\\/2019\\\/01\\\/17\\\/woodys\\\/#primaryimage\"},\"image\":{\"@id\":\"https:\\\/\\\/www.optiquemathieu.fr\\\/index.php\\\/2019\\\/01\\\/17\\\/woodys\\\/#primaryimage\"},\"thumbnailUrl\":\"https:\\\/\\\/woodysbarcelona.com\\\/woodys-europe\\\/img\\\/logo.png\",\"datePublished\":\"2019-01-17T11:13:49+00:00\",\"dateModified\":\"2019-01-18T10:47:27+00:00\",\"description\":\"Woodys Barcelona : Lunettes de soleil et optique color\u00e9. Monture en bois, m\u00e9tal et ac\u00e9tate en vente de vos magasin Montfort Optique et Optique nationale\",\"breadcrumb\":{\"@id\":\"https:\\\/\\\/www.optiquemathieu.fr\\\/index.php\\\/2019\\\/01\\\/17\\\/woodys\\\/#breadcrumb\"},\"inLanguage\":\"fr-FR\",\"potentialAction\":[{\"@type\":\"ReadAction\",\"target\":[\"https:\\\/\\\/www.optiquemathieu.fr\\\/index.php\\\/2019\\\/01\\\/17\\\/woodys\\\/\"]}]},{\"@type\":\"ImageObject\",\"inLanguage\":\"fr-FR\",\"@id\":\"https:\\\/\\\/www.optiquemathieu.fr\\\/index.php\\\/2019\\\/01\\\/17\\\/woodys\\\/#primaryimage\",\"url\":\"https:\\\/\\\/woodysbarcelona.com\\\/woodys-europe\\\/img\\\/logo.png\",\"contentUrl\":\"https:\\\/\\\/woodysbarcelona.com\\\/woodys-europe\\\/img\\\/logo.png\"},{\"@type\":\"BreadcrumbList\",\"@id\":\"https:\\\/\\\/www.optiquemathieu.fr\\\/index.php\\\/2019\\\/01\\\/17\\\/woodys\\\/#breadcrumb\",\"itemListElement\":[{\"@type\":\"ListItem\",\"position\":1,\"name\":\"Home\",\"item\":\"https:\\\/\\\/www.optiquemathieu.fr\\\/\"},{\"@type\":\"ListItem\",\"position\":2,\"name\":\"WOODYS\"}]},{\"@type\":\"WebSite\",\"@id\":\"https:\\\/\\\/www.optiquemathieu.fr\\\/#website\",\"url\":\"https:\\\/\\\/www.optiquemathieu.fr\\\/\",\"name\":\"Optique Mathieu\",\"description\":\"Opticien lunetier\",\"publisher\":{\"@id\":\"https:\\\/\\\/www.optiquemathieu.fr\\\/#organization\"},\"potentialAction\":[{\"@type\":\"SearchAction\",\"target\":{\"@type\":\"EntryPoint\",\"urlTemplate\":\"https:\\\/\\\/www.optiquemathieu.fr\\\/?s={search_term_string}\"},\"query-input\":{\"@type\":\"PropertyValueSpecification\",\"valueRequired\":true,\"valueName\":\"search_term_string\"}}],\"inLanguage\":\"fr-FR\"},{\"@type\":\"Organization\",\"@id\":\"https:\\\/\\\/www.optiquemathieu.fr\\\/#organization\",\"name\":\"Optique Mathieu\",\"url\":\"https:\\\/\\\/www.optiquemathieu.fr\\\/\",\"logo\":{\"@type\":\"ImageObject\",\"inLanguage\":\"fr-FR\",\"@id\":\"https:\\\/\\\/www.optiquemathieu.fr\\\/#\\\/schema\\\/logo\\\/image\\\/\",\"url\":\"https:\\\/\\\/www.optiquemathieu.fr\\\/wp-content\\\/uploads\\\/2024\\\/05\\\/cropped-logo-OM-scaled-1.jpeg\",\"contentUrl\":\"https:\\\/\\\/www.optiquemathieu.fr\\\/wp-content\\\/uploads\\\/2024\\\/05\\\/cropped-logo-OM-scaled-1.jpeg\",\"width\":512,\"height\":512,\"caption\":\"Optique Mathieu\"},\"image\":{\"@id\":\"https:\\\/\\\/www.optiquemathieu.fr\\\/#\\\/schema\\\/logo\\\/image\\\/\"},\"sameAs\":[\"https:\\\/\\\/fr-fr.facebook.com\\\/MontfortOptiqueMathieu\"]},{\"@type\":\"Person\",\"@id\":\"https:\\\/\\\/www.optiquemathieu.fr\\\/#\\\/schema\\\/person\\\/d0b17b363433042e6ee459dbbba172a7\",\"name\":\"admin\",\"image\":{\"@type\":\"ImageObject\",\"inLanguage\":\"fr-FR\",\"@id\":\"https:\\\/\\\/secure.gravatar.com\\\/avatar\\\/fb3b3571683468e16c6fda21dc4c1739a470fbe8d4a22fb5a7ea60f5669e5c41?s=96&d=mm&r=g\",\"url\":\"https:\\\/\\\/secure.gravatar.com\\\/avatar\\\/fb3b3571683468e16c6fda21dc4c1739a470fbe8d4a22fb5a7ea60f5669e5c41?s=96&d=mm&r=g\",\"contentUrl\":\"https:\\\/\\\/secure.gravatar.com\\\/avatar\\\/fb3b3571683468e16c6fda21dc4c1739a470fbe8d4a22fb5a7ea60f5669e5c41?s=96&d=mm&r=g\",\"caption\":\"admin\"}}]}<\/script>\n<!-- \/ Yoast SEO plugin. -->","yoast_head_json":{"title":"WOODYS - Lunette de soleil et optique color\u00e9 - Optique Mathieu","description":"Woodys Barcelona : Lunettes de soleil et optique color\u00e9. Monture en bois, m\u00e9tal et ac\u00e9tate en vente de vos magasin Montfort Optique et Optique nationale","robots":{"index":"index","follow":"follow","max-snippet":"max-snippet:-1","max-image-preview":"max-image-preview:large","max-video-preview":"max-video-preview:-1"},"canonical":"https:\/\/www.optiquemathieu.fr\/index.php\/2019\/01\/17\/woodys\/","og_locale":"fr_FR","og_type":"article","og_title":"WOODYS - Lunette de soleil et optique color\u00e9 - Optique Mathieu","og_description":"Woodys Barcelona : Lunettes de soleil et optique color\u00e9. Monture en bois, m\u00e9tal et ac\u00e9tate en vente de vos magasin Montfort Optique et Optique nationale","og_url":"https:\/\/www.optiquemathieu.fr\/index.php\/2019\/01\/17\/woodys\/","og_site_name":"Optique Mathieu","article_publisher":"https:\/\/fr-fr.facebook.com\/MontfortOptiqueMathieu","article_published_time":"2019-01-17T11:13:49+00:00","article_modified_time":"2019-01-18T10:47:27+00:00","og_image":[{"url":"https:\/\/woodysbarcelona.com\/woodys-europe\/img\/logo.png","type":"","width":"","height":""}],"author":"admin","twitter_card":"summary_large_image","twitter_misc":{"\u00c9crit par":"admin","Dur\u00e9e de lecture estim\u00e9e":"4 minutes"},"schema":{"@context":"https:\/\/schema.org","@graph":[{"@type":"Article","@id":"https:\/\/www.optiquemathieu.fr\/index.php\/2019\/01\/17\/woodys\/#article","isPartOf":{"@id":"https:\/\/www.optiquemathieu.fr\/index.php\/2019\/01\/17\/woodys\/"},"author":{"name":"admin","@id":"https:\/\/www.optiquemathieu.fr\/#\/schema\/person\/d0b17b363433042e6ee459dbbba172a7"},"headline":"WOODYS","datePublished":"2019-01-17T11:13:49+00:00","dateModified":"2019-01-18T10:47:27+00:00","mainEntityOfPage":{"@id":"https:\/\/www.optiquemathieu.fr\/index.php\/2019\/01\/17\/woodys\/"},"wordCount":853,"commentCount":0,"publisher":{"@id":"https:\/\/www.optiquemathieu.fr\/#organization"},"image":{"@id":"https:\/\/www.optiquemathieu.fr\/index.php\/2019\/01\/17\/woodys\/#primaryimage"},"thumbnailUrl":"https:\/\/woodysbarcelona.com\/woodys-europe\/img\/logo.png","inLanguage":"fr-FR","potentialAction":[{"@type":"CommentAction","name":"Comment","target":["https:\/\/www.optiquemathieu.fr\/index.php\/2019\/01\/17\/woodys\/#respond"]}]},{"@type":"WebPage","@id":"https:\/\/www.optiquemathieu.fr\/index.php\/2019\/01\/17\/woodys\/","url":"https:\/\/www.optiquemathieu.fr\/index.php\/2019\/01\/17\/woodys\/","name":"WOODYS - Lunette de soleil et optique color\u00e9 - Optique Mathieu","isPartOf":{"@id":"https:\/\/www.optiquemathieu.fr\/#website"},"primaryImageOfPage":{"@id":"https:\/\/www.optiquemathieu.fr\/index.php\/2019\/01\/17\/woodys\/#primaryimage"},"image":{"@id":"https:\/\/www.optiquemathieu.fr\/index.php\/2019\/01\/17\/woodys\/#primaryimage"},"thumbnailUrl":"https:\/\/woodysbarcelona.com\/woodys-europe\/img\/logo.png","datePublished":"2019-01-17T11:13:49+00:00","dateModified":"2019-01-18T10:47:27+00:00","description":"Woodys Barcelona : Lunettes de soleil et optique color\u00e9. Monture en bois, m\u00e9tal et ac\u00e9tate en vente de vos magasin Montfort Optique et Optique nationale","breadcrumb":{"@id":"https:\/\/www.optiquemathieu.fr\/index.php\/2019\/01\/17\/woodys\/#breadcrumb"},"inLanguage":"fr-FR","potentialAction":[{"@type":"ReadAction","target":["https:\/\/www.optiquemathieu.fr\/index.php\/2019\/01\/17\/woodys\/"]}]},{"@type":"ImageObject","inLanguage":"fr-FR","@id":"https:\/\/www.optiquemathieu.fr\/index.php\/2019\/01\/17\/woodys\/#primaryimage","url":"https:\/\/woodysbarcelona.com\/woodys-europe\/img\/logo.png","contentUrl":"https:\/\/woodysbarcelona.com\/woodys-europe\/img\/logo.png"},{"@type":"BreadcrumbList","@id":"https:\/\/www.optiquemathieu.fr\/index.php\/2019\/01\/17\/woodys\/#breadcrumb","itemListElement":[{"@type":"ListItem","position":1,"name":"Home","item":"https:\/\/www.optiquemathieu.fr\/"},{"@type":"ListItem","position":2,"name":"WOODYS"}]},{"@type":"WebSite","@id":"https:\/\/www.optiquemathieu.fr\/#website","url":"https:\/\/www.optiquemathieu.fr\/","name":"Optique Mathieu","description":"Opticien lunetier","publisher":{"@id":"https:\/\/www.optiquemathieu.fr\/#organization"},"potentialAction":[{"@type":"SearchAction","target":{"@type":"EntryPoint","urlTemplate":"https:\/\/www.optiquemathieu.fr\/?s={search_term_string}"},"query-input":{"@type":"PropertyValueSpecification","valueRequired":true,"valueName":"search_term_string"}}],"inLanguage":"fr-FR"},{"@type":"Organization","@id":"https:\/\/www.optiquemathieu.fr\/#organization","name":"Optique Mathieu","url":"https:\/\/www.optiquemathieu.fr\/","logo":{"@type":"ImageObject","inLanguage":"fr-FR","@id":"https:\/\/www.optiquemathieu.fr\/#\/schema\/logo\/image\/","url":"https:\/\/www.optiquemathieu.fr\/wp-content\/uploads\/2024\/05\/cropped-logo-OM-scaled-1.jpeg","contentUrl":"https:\/\/www.optiquemathieu.fr\/wp-content\/uploads\/2024\/05\/cropped-logo-OM-scaled-1.jpeg","width":512,"height":512,"caption":"Optique Mathieu"},"image":{"@id":"https:\/\/www.optiquemathieu.fr\/#\/schema\/logo\/image\/"},"sameAs":["https:\/\/fr-fr.facebook.com\/MontfortOptiqueMathieu"]},{"@type":"Person","@id":"https:\/\/www.optiquemathieu.fr\/#\/schema\/person\/d0b17b363433042e6ee459dbbba172a7","name":"admin","image":{"@type":"ImageObject","inLanguage":"fr-FR","@id":"https:\/\/secure.gravatar.com\/avatar\/fb3b3571683468e16c6fda21dc4c1739a470fbe8d4a22fb5a7ea60f5669e5c41?s=96&d=mm&r=g","url":"https:\/\/secure.gravatar.com\/avatar\/fb3b3571683468e16c6fda21dc4c1739a470fbe8d4a22fb5a7ea60f5669e5c41?s=96&d=mm&r=g","contentUrl":"https:\/\/secure.gravatar.com\/avatar\/fb3b3571683468e16c6fda21dc4c1739a470fbe8d4a22fb5a7ea60f5669e5c41?s=96&d=mm&r=g","caption":"admin"}}]}},"_links":{"self":[{"href":"https:\/\/www.optiquemathieu.fr\/index.php\/wp-json\/wp\/v2\/posts\/256","targetHints":{"allow":["GET"]}}],"collection":[{"href":"https:\/\/www.optiquemathieu.fr\/index.php\/wp-json\/wp\/v2\/posts"}],"about":[{"href":"https:\/\/www.optiquemathieu.fr\/index.php\/wp-json\/wp\/v2\/types\/post"}],"author":[{"embeddable":true,"href":"https:\/\/www.optiquemathieu.fr\/index.php\/wp-json\/wp\/v2\/users\/1"}],"replies":[{"embeddable":true,"href":"https:\/\/www.optiquemathieu.fr\/index.php\/wp-json\/wp\/v2\/comments?post=256"}],"version-history":[{"count":13,"href":"https:\/\/www.optiquemathieu.fr\/index.php\/wp-json\/wp\/v2\/posts\/256\/revisions"}],"predecessor-version":[{"id":269,"href":"https:\/\/www.optiquemathieu.fr\/index.php\/wp-json\/wp\/v2\/posts\/256\/revisions\/269"}],"wp:attachment":[{"href":"https:\/\/www.optiquemathieu.fr\/index.php\/wp-json\/wp\/v2\/media?parent=256"}],"wp:term":[{"taxonomy":"category","embeddable":true,"href":"https:\/\/www.optiquemathieu.fr\/index.php\/wp-json\/wp\/v2\/categories?post=256"},{"taxonomy":"post_tag","embeddable":true,"href":"https:\/\/www.optiquemathieu.fr\/index.php\/wp-json\/wp\/v2\/tags?post=256"}],"curies":[{"name":"wp","href":"https:\/\/api.w.org\/{rel}","templated":true}]}}